{"id":354,"date":"2015-01-13T12:19:00","date_gmt":"2015-01-13T11:19:00","guid":{"rendered":"http:\/\/hytech.fr\/?p=354"},"modified":"2020-01-21T23:10:32","modified_gmt":"2020-01-21T22:10:32","slug":"fin-du-support-de-windows-7","status":"publish","type":"post","link":"https:\/\/jl-informatique.fr\/leblog\/2015\/01\/13\/fin-du-support-de-windows-7\/","title":{"rendered":"Fin du support de Windows 7"},"content":{"rendered":"<p>Tout produit logiciel connait un jour la fin de son support. Les d\u00e9veloppeurs sortent de nouvelles versions mais continuent tout de m\u00eame pendant un certain temps \u00e0 entretenir la ou les anciennes. Et pour Windows 7 c&#8217;est l&#8217;heure du changement&#8230;<\/p>\n<p><!--more--><\/p>\n<p><strong>C&#8217;est donc le 13 janvier 2015 que le support standard de Windows 7 a pris fin.<\/strong><\/p>\n<p>Pour rappel les syst\u00e8mes d&#8217;exploitation de Microsoft connaissent deux grandes phases : d&#8217;abord le support standard pendant quelques ann\u00e9es, puis le support \u00e9tendu pendant quelques ann\u00e9es suppl\u00e9mentaires.<\/p>\n<p><strong>Le support standard<\/strong> couvre les mises \u00e0 jours de s\u00e9curit\u00e9 et la sortie de nouveaut\u00e9s logicielles (potentielles). Pour Windows 7 il n&#8217;y aura donc plus de nouveaut\u00e9s \u00e0 attendre.<\/p>\n<p>Pas de panique cependant, <strong>le support \u00e9tendu<\/strong> prend la suite et&nbsp;dans ce cas les mises \u00e0 jours de s\u00e9curit\u00e9 sont encore assur\u00e9es.<\/p>\n<p>Windows 7 vient donc de rentrer dans cette deuxi\u00e8me phase et <strong>son support sera donc effectif (au moins) jusqu&#8217;au 14 janvier 2020<\/strong>. Votre ordinateur sous Windows 7 a donc encore 5 ann\u00e9es devant lui pour \u00eatre utilis\u00e9 en toute s\u00e9curit\u00e9.<\/p>\n<p>Pour rappel et comme j&#8217;ai pu vous le dire pr\u00e9c\u00e9demment&nbsp;<a title=\"[M\u00e0J] La fin du support pour Windows XP est arriv\u00e9e\" href=\"https:\/\/jl-informatique.fr\/leblog\/2014\/03\/24\/la-fin-du-support-pour-windows-xp-approche\/\" target=\"_blank\" rel=\"noopener noreferrer\">le support \u00e9tendu de Windows XP a pris fin le 8 avril 2014<\/a> et celui de Windows Vista prendra fin le 11 avril 2017.<\/p>\n","protected":false},"excerpt":{"rendered":"<p>Tout produit logiciel connait un jour la fin de son support. Les d\u00e9veloppeurs sortent de nouvelles versions mais continuent tout de m\u00eame pendant un certain temps \u00e0 entretenir la ou les anciennes. Et pour Windows 7 c&#8217;est l&#8217;heure du changement&#8230;<\/p>\n","protected":false},"author":2,"featured_media":359,"comment_status":"open","ping_status":"open","sticky":false,"template":"","format":"standard","meta":{"_seopress_robots_primary_cat":"none"},"categories":[23,30,18,31],"tags":[89,36,37,22,90,91,92,93,39],"_links":{"self":[{"href":"https:\/\/jl-informatique.fr\/leblog\/wp-json\/wp\/v2\/posts\/354"}],"collection":[{"href":"https:\/\/jl-informatique.fr\/leblog\/wp-json\/wp\/v2\/posts"}],"about":[{"href":"https:\/\/jl-informatique.fr\/leblog\/wp-json\/wp\/v2\/types\/post"}],"author":[{"embeddable":true,"href":"https:\/\/jl-informatique.fr\/leblog\/wp-json\/wp\/v2\/users\/2"}],"replies":[{"embeddable":true,"href":"https:\/\/jl-informatique.fr\/leblog\/wp-json\/wp\/v2\/comments?post=354"}],"version-history":[{"count":2,"href":"https:\/\/jl-informatique.fr\/leblog\/wp-json\/wp\/v2\/posts\/354\/revisions"}],"predecessor-version":[{"id":800,"href":"https:\/\/jl-informatique.fr\/leblog\/wp-json\/wp\/v2\/posts\/354\/revisions\/800"}],"wp:featuredmedia":[{"embeddable":true,"href":"https:\/\/jl-informatique.fr\/leblog\/wp-json\/wp\/v2\/media\/359"}],"wp:attachment":[{"href":"https:\/\/jl-informatique.fr\/leblog\/wp-json\/wp\/v2\/media?parent=354"}],"wp:term":[{"taxonomy":"category","embeddable":true,"href":"https:\/\/jl-informatique.fr\/leblog\/wp-json\/wp\/v2\/categories?post=354"},{"taxonomy":"post_tag","embeddable":true,"href":"https:\/\/jl-informatique.fr\/leblog\/wp-json\/wp\/v2\/tags?post=354"}],"curies":[{"name":"wp","href":"https:\/\/api.w.org\/{rel}","templated":true}]}}