{"id":435,"date":"2016-06-16T10:34:04","date_gmt":"2016-06-16T09:34:04","guid":{"rendered":"http:\/\/hytech.fr\/?p=435"},"modified":"2020-01-21T23:09:31","modified_gmt":"2020-01-21T22:09:31","slug":"dites-adieu-a-mac-os-x","status":"publish","type":"post","link":"https:\/\/jl-informatique.fr\/leblog\/2016\/06\/16\/dites-adieu-a-mac-os-x\/","title":{"rendered":"Dites adieu \u00e0 Mac OS X"},"content":{"rendered":"<p>C&#8217;est lors de sa conf\u00e9rence WWDC qu&#8217;Apple a annonc\u00e9 la nouvelle : <strong>le syst\u00e8me d&#8217;exploitation Mac OS X n&#8217;est plus !<\/strong><\/p>\n<p>Dans un esprit d&#8217;unit\u00e9 entre les diff\u00e9rents syst\u00e8mes et m\u00eame plus encore pour symboliser la synergie entre les OS d&#8217;Apple, <strong>la marque a d\u00e9cid\u00e9 de rebaptiser OS X.<\/strong><\/p>\n<p><!--more--><\/p>\n<p>La prochaine version du syst\u00e8me d&#8217;exploitation pour ordinateur s&#8217;appellera donc <strong>macOS<\/strong> !<\/p>\n<p>Bienvenue au &#8220;petit dernier&#8221; de la famille qui vient rejoindre iOS (pour les smartphones et tablettes), watchOS (pour les montres) et tvOS (pour les t\u00e9l\u00e9viseurs, enfin pour l&#8217;Apple tv).<\/p>\n<p><strong>Pr\u00e9vu pour sortir \u00e0 l&#8217;automne<\/strong>, macOS Sierra (le petit nom du cru 2016) sera disponible en amont pour les d\u00e9veloppeurs puis un mois apr\u00e8s en b\u00eata publique.<\/p>\n<p>Je vous parlais de synergie en d\u00e9but d&#8217;article et ce n&#8217;\u00e9tait pas innocent. <strong>macOS Sierra vient rapprocher encore plus les diff\u00e9rents OS de la marque<\/strong> \u00e0 la pomme. En voici quelques exemples :<\/p>\n<ul>\n<li>Siri est int\u00e9gr\u00e9 \u00e0 macOS, l&#8217;assistant virtuel vocal pour smartphones et tablettes arrive donc sur ordinateur (un an et quelques mois apr\u00e8s Cortana, l&#8217;assistant virtuel de <a href=\"https:\/\/jl-informatique.fr\/leblog\/2015\/06\/22\/windows-10-est-disponible\/\" target=\"_blank\" rel=\"noopener noreferrer\">Windows 10<\/a>&nbsp;soit dit en passant)<\/li>\n<li>l&#8217;Apple Watch va permettre de d\u00e9verrouiller automatiquement votre Mac, finie la corv\u00e9e du mot de passe \u00e0 saisir \u00e0 chaque allumage \/ sortie de veille<\/li>\n<li>le presse-papier devient universel, il sera donc possible de copier du contenu sur son appareil iOS (iPhone ou iPad) et de le coller sur son ordinateur macOS, et inversement<\/li>\n<li>enfin iCloud Drive va permettre de synchroniser du contenu entre vos appareils, et m\u00eame de dupliquer votre bureau sur tous vos ordinateurs macOS<\/li>\n<\/ul>\n<p><strong>D&#8217;autres nouveaut\u00e9s sont de la partie<\/strong> dont de l\u00e9gers changements dans l&#8217;interface (les diff\u00e9rentes fen\u00eatres d&#8217;un m\u00eame logiciel peuvent devenir les onglets d&#8217;une m\u00eame fen\u00eatre) et une fonction de nettoyage du syst\u00e8me vous permettant de gagner de la place sur vos disques durs en vidant la corbeille et les caches de vos logiciels.<\/p>\n<p><strong>Derni\u00e8re information<\/strong>, et pas des moindres, <strong>la liste des ordinateurs compatibles avec macOS Sierra<\/strong>. Seront donc compatibles :<\/p>\n<ul>\n<li>tous les iMac depuis les mod\u00e8les fin 2009<\/li>\n<li>tous les MacBook depuis les mod\u00e8les fin 2009<\/li>\n<li>tous les MacBook Air depuis les mod\u00e8les 2010<\/li>\n<li>tous les MacBook Pro depuis les mod\u00e8les 2010<\/li>\n<li>tous les Mac mini depuis les mod\u00e8les 2010<\/li>\n<li>tous les Mac Pro depuis les mod\u00e8les 2010<\/li>\n<\/ul>\n<p>Les ordinateurs de 2007-2008 et Xserve encore compatibles avec OS X El Capitan l&#8217;an dernier passent eux \u00e0 la trappe.<\/p>\n<p>Voil\u00e0 pour macOS ! On se retrouve d\u00e8s que possible avec une date de sortie plus pr\u00e9cise.<\/p>\n<p>&nbsp;<\/p>\n","protected":false},"excerpt":{"rendered":"<p>C&#8217;est lors de sa conf\u00e9rence WWDC qu&#8217;Apple a annonc\u00e9 la nouvelle : le syst\u00e8me d&#8217;exploitation Mac OS X n&#8217;est plus ! Dans un esprit d&#8217;unit\u00e9 entre les diff\u00e9rents syst\u00e8mes et m\u00eame plus encore pour symboliser la synergie entre les OS d&#8217;Apple, la marque a d\u00e9cid\u00e9 de rebaptiser OS X.<\/p>\n","protected":false},"author":2,"featured_media":654,"comment_status":"open","ping_status":"open","sticky":false,"template":"","format":"standard","meta":{"_seopress_robots_primary_cat":"none"},"categories":[43,30,31],"tags":[115,116,117,118,119,120,121,28,122,123,124,125,126,127,128,129],"_links":{"self":[{"href":"https:\/\/jl-informatique.fr\/leblog\/wp-json\/wp\/v2\/posts\/435"}],"collection":[{"href":"https:\/\/jl-informatique.fr\/leblog\/wp-json\/wp\/v2\/posts"}],"about":[{"href":"https:\/\/jl-informatique.fr\/leblog\/wp-json\/wp\/v2\/types\/post"}],"author":[{"embeddable":true,"href":"https:\/\/jl-informatique.fr\/leblog\/wp-json\/wp\/v2\/users\/2"}],"replies":[{"embeddable":true,"href":"https:\/\/jl-informatique.fr\/leblog\/wp-json\/wp\/v2\/comments?post=435"}],"version-history":[{"count":2,"href":"https:\/\/jl-informatique.fr\/leblog\/wp-json\/wp\/v2\/posts\/435\/revisions"}],"predecessor-version":[{"id":797,"href":"https:\/\/jl-informatique.fr\/leblog\/wp-json\/wp\/v2\/posts\/435\/revisions\/797"}],"wp:featuredmedia":[{"embeddable":true,"href":"https:\/\/jl-informatique.fr\/leblog\/wp-json\/wp\/v2\/media\/654"}],"wp:attachment":[{"href":"https:\/\/jl-informatique.fr\/leblog\/wp-json\/wp\/v2\/media?parent=435"}],"wp:term":[{"taxonomy":"category","embeddable":true,"href":"https:\/\/jl-informatique.fr\/leblog\/wp-json\/wp\/v2\/categories?post=435"},{"taxonomy":"post_tag","embeddable":true,"href":"https:\/\/jl-informatique.fr\/leblog\/wp-json\/wp\/v2\/tags?post=435"}],"curies":[{"name":"wp","href":"https:\/\/api.w.org\/{rel}","templated":true}]}}