{"id":443,"date":"2016-06-29T10:00:43","date_gmt":"2016-06-29T09:00:43","guid":{"rendered":"http:\/\/hytech.fr\/?p=443"},"modified":"2020-01-21T23:18:39","modified_gmt":"2020-01-21T22:18:39","slug":"windows-10-presque-un-an-apres","status":"publish","type":"post","link":"https:\/\/jl-informatique.fr\/leblog\/2016\/06\/29\/windows-10-presque-un-an-apres\/","title":{"rendered":"Windows 10 (presque) un an apr\u00e8s"},"content":{"rendered":"<p><strong>Cela fait (presque) un an maintenant que Windows 10 est sorti<\/strong>. Certains ont franchi le pas d\u00e8s le jour J, le 29 juillet 2015, d&#8217;autres attendent le dernier moment pour se lancer.<\/p>\n<p><strong>Et vous, o\u00f9 en \u00eates-vous&nbsp;?<\/strong><\/p>\n<p><!--more--><\/p>\n<p><strong>A un mois de la date anniversaire<\/strong> le constat est moins syst\u00e9matique qu&#8217;il y a un an mais reste vrai, <strong>le syst\u00e8me est toujours &#8220;un peu jeune&#8221;<\/strong>. Cela se traduit par encore quelques plantages ou quelques errances par-ci par-l\u00e0.<\/p>\n<p>Le menu d\u00e9marrer ne r\u00e9pond plus ? Vous ne pouvez plus utiliser la barre des t\u00e2ches ? Mais bien s\u00fbr, c&#8217;est normal ! Normal, non quand m\u00eame pas. Banal ? \u00c7a par contre oui. Red\u00e9marrer l&#8217;ordinateur, proprement dans un premier temps ou en le for\u00e7ant dans un deuxi\u00e8me temps, suffit g\u00e9n\u00e9ralement \u00e0 tout remettre en ordre.<\/p>\n<p>Quoi d&#8217;autre ? <strong>Les applications se bonifient<\/strong>. Des fonctions qui manquaient \u00e0 l&#8217;appel au d\u00e9but ont \u00e9t\u00e9 int\u00e9gr\u00e9es au fur et \u00e0 mesure. Tout n&#8217;est peut-\u00eatre pas encore parfait mais le syst\u00e8me&nbsp;s&#8217;am\u00e9liore sans cesse.<\/p>\n<p>D&#8217;ailleurs les mises \u00e0 jour se sont succ\u00e9d\u00e9es cette ann\u00e9e. Avec une mise \u00e0 jour importante au mois de novembre notamment.<\/p>\n<p><strong>La prochaine grosse mise \u00e0 jour<\/strong> (dite &#8220;anniversaire) <strong>sortira&#8230; \u00e0 la fin&nbsp;du mois de juillet 2016<\/strong>&nbsp;! Enfin, peut-\u00eatre pas. Une r\u00e9cente rumeur indiquerait plut\u00f4t la date du 2 ao\u00fbt. Toujours est-il qu&#8217;elle apportera son lot de correctifs et&nbsp;aussi&nbsp;d&#8217;am\u00e9liorations.<\/p>\n<p>Cet \u00e9ventuel l\u00e9ger d\u00e9calage devrait aussi \u00e9viter une surcharge des serveurs de Microsoft. <strong>Avec une gratuit\u00e9 jusqu&#8217;au 29 juillet 2016 (puis autour de 120\u20ac la licence pass\u00e9 cette date), il y a fort \u00e0 parier pour que les t\u00e9l\u00e9chargements de Windows 10 soient nombreux \u00e0 cette date<\/strong>. Alors quelques jours \u00e0 attendre pour installer sereinement&nbsp;la nouvelle mise \u00e0 jour n&#8217;est clairement pas un mal.<\/p>\n<p><strong>Sinon c\u00f4t\u00e9&nbsp;migration<\/strong> (de Windows 7 ou 8.1 vers Windows 10) <strong>la situation &nbsp;s&#8217;est aussi am\u00e9lior\u00e9e<\/strong>. L&#8217;installation int\u00e8gre d&#8217;ailleurs la derni\u00e8re grosse mise \u00e0 jour, ce qui \u00e9vite une (presque) deuxi\u00e8me mise \u00e0 jour compl\u00e8te de votre ordinateur. Ouf !<\/p>\n<p><strong>Certains cas particuliers posent encore probl\u00e8me<\/strong>. <a href=\"https:\/\/jl-informatique.fr\" target=\"_blank\" rel=\"noopener noreferrer\">JL informatique<\/a> a parmi ses clients certains qui n&#8217;ont pas pu d&#8217;eux-m\u00eame installer Windows 10. D&#8217;autres n&#8217;ont pas pu garder Windows 10 et ont d\u00fb r\u00e9trograder pour cause de syst\u00e8me trop instable. Mais <strong>globalement la mise \u00e0 jour se passe bien<\/strong>. Windows 10 a m\u00eame r\u00e9solu certains (gros) probl\u00e8mes pr\u00e9sents dans Windows 7 ou 8.1 avant mise \u00e0 jour.<\/p>\n<p><strong>Oui, l&#8217;informatique reste quelque chose de complexe, sans r\u00e8gles absolues !<\/strong><\/p>\n<p>J&#8217;en reviens donc \u00e0 ma question initiale, <strong>et vous, o\u00f9 en \u00eates-vous&nbsp;?<\/strong> Toujours avec Windows 7, Windows 8.1 ou vous \u00eates pass\u00e9 \u00e0 Windows 10 ? Si vous avez install\u00e9 la mise \u00e0 jour comment cela s&#8217;est-il pass\u00e9 pour vous ? <strong><a href=\"https:\/\/jl-informatique.fr\" target=\"_blank\" rel=\"noopener noreferrer\">Besoin d&#8217;aide ?<\/a><\/strong><\/p>\n","protected":false},"excerpt":{"rendered":"<p>Cela fait (presque) un an maintenant que Windows 10 est sorti. Certains ont franchi le pas d\u00e8s le jour J, le 29 juillet 2015, d&#8217;autres attendent le dernier moment pour se lancer. Et vous, o\u00f9 en \u00eates-vous&nbsp;?<\/p>\n","protected":false},"author":2,"featured_media":350,"comment_status":"open","ping_status":"open","sticky":false,"template":"","format":"standard","meta":{"_seopress_robots_primary_cat":"none"},"categories":[43,30,31],"tags":[77,26,27,71,130,22,73,75,92,34],"_links":{"self":[{"href":"https:\/\/jl-informatique.fr\/leblog\/wp-json\/wp\/v2\/posts\/443"}],"collection":[{"href":"https:\/\/jl-informatique.fr\/leblog\/wp-json\/wp\/v2\/posts"}],"about":[{"href":"https:\/\/jl-informatique.fr\/leblog\/wp-json\/wp\/v2\/types\/post"}],"author":[{"embeddable":true,"href":"https:\/\/jl-informatique.fr\/leblog\/wp-json\/wp\/v2\/users\/2"}],"replies":[{"embeddable":true,"href":"https:\/\/jl-informatique.fr\/leblog\/wp-json\/wp\/v2\/comments?post=443"}],"version-history":[{"count":2,"href":"https:\/\/jl-informatique.fr\/leblog\/wp-json\/wp\/v2\/posts\/443\/revisions"}],"predecessor-version":[{"id":819,"href":"https:\/\/jl-informatique.fr\/leblog\/wp-json\/wp\/v2\/posts\/443\/revisions\/819"}],"wp:featuredmedia":[{"embeddable":true,"href":"https:\/\/jl-informatique.fr\/leblog\/wp-json\/wp\/v2\/media\/350"}],"wp:attachment":[{"href":"https:\/\/jl-informatique.fr\/leblog\/wp-json\/wp\/v2\/media?parent=443"}],"wp:term":[{"taxonomy":"category","embeddable":true,"href":"https:\/\/jl-informatique.fr\/leblog\/wp-json\/wp\/v2\/categories?post=443"},{"taxonomy":"post_tag","embeddable":true,"href":"https:\/\/jl-informatique.fr\/leblog\/wp-json\/wp\/v2\/tags?post=443"}],"curies":[{"name":"wp","href":"https:\/\/api.w.org\/{rel}","templated":true}]}}