{"id":446,"date":"2016-06-23T13:52:32","date_gmt":"2016-06-23T12:52:32","guid":{"rendered":"http:\/\/hytech.fr\/?p=446"},"modified":"2020-01-21T23:09:16","modified_gmt":"2020-01-21T22:09:16","slug":"danger-serieux-problemes-de-batteries-chez-hp-et-compaq","status":"publish","type":"post","link":"https:\/\/jl-informatique.fr\/leblog\/2016\/06\/23\/danger-serieux-problemes-de-batteries-chez-hp-et-compaq\/","title":{"rendered":"DANGER : s\u00e9rieux probl\u00e8mes de batteries chez HP et Compaq"},"content":{"rendered":"<p>L&#8217;information est tr\u00e8s r\u00e9cente mais surtout tr\u00e8s importante. <strong>HP vient de lancer une grande campagne de rappel d&#8217;une partie de ses batteries d&#8217;ordinateurs<\/strong>, enfin des v\u00f4tres, aussi bien de marques HP que Compaq.<\/p>\n<p><strong>Les risques \u00e9voqu\u00e9s sont s\u00e9rieux : incendie et br\u00fblure !<\/strong><\/p>\n<p><!--more--><\/p>\n<p>Les clients concern\u00e9s sont invit\u00e9s \u00e0 ne plus utiliser leur batterie. Si vous la retirez de votre ordinateur par contre pas de soucis, vous pouvez continuer \u00e0 utiliser votre PC.<\/p>\n<p><strong>Plusieurs gammes sont concern\u00e9es<\/strong> : HP Pavillon, HP Envy, Compaq Presario et HP ProBook.<\/p>\n<p>Tous ces <strong>ordinateurs<\/strong>&nbsp;ont \u00e9t\u00e9 <strong>vendus entre mars 2013 et ao\u00fbt 2015<\/strong>, partout dans le monde.<\/p>\n<p>Un petit utilitaire pour Windows est disponible sur <a href=\"https:\/\/h30686.www3.hp.com\/Utility\/HPBRCULauncher.exe\" target=\"_blank\" rel=\"noopener noreferrer\">cette page<\/a> pour vous permettre de savoir si votre ordinateur est concern\u00e9.<\/p>\n<p>Pour le d\u00e9tail ou si vous ne pouvez pas utiliser l&#8217;utilitaire, les num\u00e9ros de s\u00e9rie des batteries d\u00e9fectueuses sont les suivants :<\/p>\n<ul>\n<li>6BZLU&#8230;<\/li>\n<li>6CGFK&#8230;<\/li>\n<li>6CGFQ&#8230;<\/li>\n<li>6CZMB&#8230;<\/li>\n<li>6DEMA&#8230;<\/li>\n<li>6DEMH&#8230;<\/li>\n<li>6DGAL&#8230;<\/li>\n<li>6EBVA&#8230;<\/li>\n<\/ul>\n<p>Si vous \u00eates touch\u00e9 par le probl\u00e8me, <strong>HP vous propose de remplacer gratuitement votre batterie.<\/strong> Pour lancer la proc\u00e9dure vous devez passer par la proc\u00e9dure disponible \u00e0 <a href=\"https:\/\/h30686.www3.hp.com\/?lang=fr-CA\" target=\"_blank\" rel=\"noopener noreferrer\">cette adresse<\/a>.<\/p>\n<p>Merci de faire circuler l&#8217;information le plus largement possible !<\/p>\n","protected":false},"excerpt":{"rendered":"<p>L&#8217;information est tr\u00e8s r\u00e9cente mais surtout tr\u00e8s importante. HP vient de lancer une grande campagne de rappel d&#8217;une partie de ses batteries d&#8217;ordinateurs, enfin des v\u00f4tres, aussi bien de marques HP que Compaq. Les risques \u00e9voqu\u00e9s sont s\u00e9rieux : incendie et br\u00fblure !<\/p>\n","protected":false},"author":2,"featured_media":652,"comment_status":"open","ping_status":"open","sticky":false,"template":"","format":"standard","meta":{"_seopress_robots_primary_cat":"none"},"categories":[43],"tags":[131,132,133,134,135,136,26,137,138,139],"_links":{"self":[{"href":"https:\/\/jl-informatique.fr\/leblog\/wp-json\/wp\/v2\/posts\/446"}],"collection":[{"href":"https:\/\/jl-informatique.fr\/leblog\/wp-json\/wp\/v2\/posts"}],"about":[{"href":"https:\/\/jl-informatique.fr\/leblog\/wp-json\/wp\/v2\/types\/post"}],"author":[{"embeddable":true,"href":"https:\/\/jl-informatique.fr\/leblog\/wp-json\/wp\/v2\/users\/2"}],"replies":[{"embeddable":true,"href":"https:\/\/jl-informatique.fr\/leblog\/wp-json\/wp\/v2\/comments?post=446"}],"version-history":[{"count":2,"href":"https:\/\/jl-informatique.fr\/leblog\/wp-json\/wp\/v2\/posts\/446\/revisions"}],"predecessor-version":[{"id":796,"href":"https:\/\/jl-informatique.fr\/leblog\/wp-json\/wp\/v2\/posts\/446\/revisions\/796"}],"wp:featuredmedia":[{"embeddable":true,"href":"https:\/\/jl-informatique.fr\/leblog\/wp-json\/wp\/v2\/media\/652"}],"wp:attachment":[{"href":"https:\/\/jl-informatique.fr\/leblog\/wp-json\/wp\/v2\/media?parent=446"}],"wp:term":[{"taxonomy":"category","embeddable":true,"href":"https:\/\/jl-informatique.fr\/leblog\/wp-json\/wp\/v2\/categories?post=446"},{"taxonomy":"post_tag","embeddable":true,"href":"https:\/\/jl-informatique.fr\/leblog\/wp-json\/wp\/v2\/tags?post=446"}],"curies":[{"name":"wp","href":"https:\/\/api.w.org\/{rel}","templated":true}]}}