{"id":49,"date":"2013-10-30T17:24:51","date_gmt":"2013-10-30T16:24:51","guid":{"rendered":"http:\/\/hytech.fr\/?p=49"},"modified":"2020-01-21T23:14:46","modified_gmt":"2020-01-21T22:14:46","slug":"mise-a-jour-gratuite-pour-mac-os-x","status":"publish","type":"post","link":"https:\/\/jl-informatique.fr\/leblog\/2013\/10\/30\/mise-a-jour-gratuite-pour-mac-os-x\/","title":{"rendered":"Mise \u00e0 jour gratuite pour Mac OS X"},"content":{"rendered":"<p><span style=\"line-height: 1.5;\">Apple vient d&#8217;annoncer la sortie de la nouvelle version de Mac OS X cette fois intitul\u00e9e Mavericks (alias 10.9).<\/span><\/p>\n<p><!--more--><\/p>\n<p>Bonne nouvelle, cette mise \u00e0 jour est gratuite ! Tous les utilisateurs de Mac OS X (en version Snow Leopard \/ 10.6 minimum) peuvent en b\u00e9n\u00e9ficier, sous r\u00e9serve de compatibilit\u00e9 mat\u00e9rielle.<\/p>\n<p>Les mises \u00e0 jour sont principalement techniques (am\u00e9lioration de la gestion m\u00e9moire, meilleure autonomie sur les portables notamment) mais pas uniquement. A noter l&#8217;apparition de deux nouvelles applications bien connues des utilisateurs d&#8217;iOS, Plans et iBooks.<\/p>\n<p>Vous n&#8217;avez plus qu&#8217;\u00e0 vous connecter au Mac App Store, lancer la mise \u00e0 jour et \u00e0 patienter (le t\u00e9l\u00e9chargement est d&#8217;environ 5 gigas) !<\/p>\n","protected":false},"excerpt":{"rendered":"<p>Apple vient d&#8217;annoncer la sortie de la nouvelle version de Mac OS X cette fois intitul\u00e9e Mavericks (alias 10.9).<\/p>\n","protected":false},"author":2,"featured_media":61,"comment_status":"open","ping_status":"open","sticky":false,"template":"","format":"standard","meta":{"_seopress_robots_primary_cat":"none"},"categories":[30,31],"tags":[25,26,27,28,29,22],"_links":{"self":[{"href":"https:\/\/jl-informatique.fr\/leblog\/wp-json\/wp\/v2\/posts\/49"}],"collection":[{"href":"https:\/\/jl-informatique.fr\/leblog\/wp-json\/wp\/v2\/posts"}],"about":[{"href":"https:\/\/jl-informatique.fr\/leblog\/wp-json\/wp\/v2\/types\/post"}],"author":[{"embeddable":true,"href":"https:\/\/jl-informatique.fr\/leblog\/wp-json\/wp\/v2\/users\/2"}],"replies":[{"embeddable":true,"href":"https:\/\/jl-informatique.fr\/leblog\/wp-json\/wp\/v2\/comments?post=49"}],"version-history":[{"count":1,"href":"https:\/\/jl-informatique.fr\/leblog\/wp-json\/wp\/v2\/posts\/49\/revisions"}],"predecessor-version":[{"id":808,"href":"https:\/\/jl-informatique.fr\/leblog\/wp-json\/wp\/v2\/posts\/49\/revisions\/808"}],"wp:featuredmedia":[{"embeddable":true,"href":"https:\/\/jl-informatique.fr\/leblog\/wp-json\/wp\/v2\/media\/61"}],"wp:attachment":[{"href":"https:\/\/jl-informatique.fr\/leblog\/wp-json\/wp\/v2\/media?parent=49"}],"wp:term":[{"taxonomy":"category","embeddable":true,"href":"https:\/\/jl-informatique.fr\/leblog\/wp-json\/wp\/v2\/categories?post=49"},{"taxonomy":"post_tag","embeddable":true,"href":"https:\/\/jl-informatique.fr\/leblog\/wp-json\/wp\/v2\/tags?post=49"}],"curies":[{"name":"wp","href":"https:\/\/api.w.org\/{rel}","templated":true}]}}