{"id":714,"date":"2018-12-04T15:27:06","date_gmt":"2018-12-04T14:27:06","guid":{"rendered":"https:\/\/jl-informatique.fr\/leblog\/?p=714"},"modified":"2020-01-21T23:12:37","modified_gmt":"2020-01-21T22:12:37","slug":"la-mise-a-jour-doctobre-2018-de-windows-10-est-encore-retiree","status":"publish","type":"post","link":"https:\/\/jl-informatique.fr\/leblog\/2018\/12\/04\/la-mise-a-jour-doctobre-2018-de-windows-10-est-encore-retiree\/","title":{"rendered":"La mise \u00e0 jour d\u2019octobre 2018 de Windows 10 est (encore) retir\u00e9e"},"content":{"rendered":"<p>A chaque retour l&#8217;espoir rena\u00eet et pourtant, non, toujours pas. Un nouveau bug dans un pilote Intel cette fois a contraint Microsoft de retirer, encore une fois, cette mise \u00e0 jour.<\/p>\n<p><!--more--><\/p>\n<p>Alors peut-\u00eatre qu&#8217;un jour nous la recevrons. Ou peut-\u00eatre pas ? Nous passerons peut-\u00eatre directement \u00e0 la mise \u00e0 jour d&#8217;avril 2019 ?&nbsp;Ou peut-\u00eatre pas ?<\/p>\n<p>Plus s\u00e9rieusement je pense que cette mise \u00e0 jour va finir par arriver. M\u00eame si la situation est ridicule, ce serait un \u00e9norme aveu de faiblesse de la Part de Microsoft de renoncer \u00e0 cette mise \u00e0 jour et ainsi casser le cycle qu&#8217;ils se sont fix\u00e9.<\/p>\n<p>Mais apr\u00e8s 2 mois seulement 3% des utilisateurs de Windows 10 ont install\u00e9 la mise \u00e0 jour d&#8217;octobre 2018. Le chiffre est tr\u00e8s faible !<\/p>\n<p>Et chez vous, elle est arriv\u00e9e ou toujours pas ?<\/p>\n","protected":false},"excerpt":{"rendered":"<p>A chaque retour l&#8217;espoir rena\u00eet et pourtant, non, toujours pas. Un nouveau bug dans un pilote Intel cette fois a contraint Microsoft de retirer, encore une fois, cette mise \u00e0 jour.<\/p>\n","protected":false},"author":2,"featured_media":715,"comment_status":"open","ping_status":"open","sticky":false,"template":"","format":"standard","meta":{"_seopress_robots_primary_cat":"none"},"categories":[43,30,31],"tags":[165,177,166,137,175,169,22,164,176,178,167,75,168],"_links":{"self":[{"href":"https:\/\/jl-informatique.fr\/leblog\/wp-json\/wp\/v2\/posts\/714"}],"collection":[{"href":"https:\/\/jl-informatique.fr\/leblog\/wp-json\/wp\/v2\/posts"}],"about":[{"href":"https:\/\/jl-informatique.fr\/leblog\/wp-json\/wp\/v2\/types\/post"}],"author":[{"embeddable":true,"href":"https:\/\/jl-informatique.fr\/leblog\/wp-json\/wp\/v2\/users\/2"}],"replies":[{"embeddable":true,"href":"https:\/\/jl-informatique.fr\/leblog\/wp-json\/wp\/v2\/comments?post=714"}],"version-history":[{"count":2,"href":"https:\/\/jl-informatique.fr\/leblog\/wp-json\/wp\/v2\/posts\/714\/revisions"}],"predecessor-version":[{"id":805,"href":"https:\/\/jl-informatique.fr\/leblog\/wp-json\/wp\/v2\/posts\/714\/revisions\/805"}],"wp:featuredmedia":[{"embeddable":true,"href":"https:\/\/jl-informatique.fr\/leblog\/wp-json\/wp\/v2\/media\/715"}],"wp:attachment":[{"href":"https:\/\/jl-informatique.fr\/leblog\/wp-json\/wp\/v2\/media?parent=714"}],"wp:term":[{"taxonomy":"category","embeddable":true,"href":"https:\/\/jl-informatique.fr\/leblog\/wp-json\/wp\/v2\/categories?post=714"},{"taxonomy":"post_tag","embeddable":true,"href":"https:\/\/jl-informatique.fr\/leblog\/wp-json\/wp\/v2\/tags?post=714"}],"curies":[{"name":"wp","href":"https:\/\/api.w.org\/{rel}","templated":true}]}}